{"id":7031,"date":"2020-08-03T03:06:00","date_gmt":"2020-08-03T06:06:00","guid":{"rendered":"http:\/\/conurbanodiario.com.ar\/?p=7031"},"modified":"2020-08-03T10:12:25","modified_gmt":"2020-08-03T13:12:25","slug":"upcn-organizo-encuentro-virtual-sobre-la-importancia-de-un-estado-presente-ante-la-crisis-heredada-y-la-pandemia","status":"publish","type":"post","link":"http:\/\/conurbanodiario.com.ar\/?p=7031","title":{"rendered":"UPCN ORGANIZ\u00d3 ENCUENTRO VIRTUAL SOBRE LA IMPORTANCIA DE UN ESTADO PRESENTE ANTE LA CRISIS HEREDADA Y LA PANDEMIA"},"content":{"rendered":"\n<p>Junto a otros jefes comunales del Conurbano bonaerense, el intendente de Berazategui, Dr. Juan Jos\u00e9 Mussi, particip\u00f3 de una charla online sobre \u201cLa importancia de un Estado presente ante la crisis heredada y la pandemia\u201d, organizada por la Uni\u00f3n del Personal Civil de la Naci\u00f3n (UPCN), Seccional provincia de Buenos Aires. A cargo del secretario General de este sindicato, Carlos Quintana, la jornada tuvo como invitado especial al interventor de Yacimientos Carbon\u00edfero de R\u00edo Turbio (YCRT), An\u00edbal Fern\u00e1ndez.<br><br>\u201cParticip\u00e9 de la videoconferencia \u2018La importancia de un Estado presente ante la crisis heredada y la pandemia\u2019, organizada por UPCNBA\u201d, explic\u00f3 Juan Jos\u00e9 Mussi a trav\u00e9s de sus redes sociales. Adem\u00e1s, el Intendente de Berazategui agreg\u00f3: \u201cFue un gusto escuchar a los compa\u00f1eros An\u00edbal Fern\u00e1ndez y Carlos Quintana, secretario general de la entidad\u201d.<\/p>\n\n\n\n<p>En el transcurso del encuentro virtual, que se desarroll\u00f3 por la plataforma Zoom y se extendi\u00f3 durante m\u00e1s de dos horas, An\u00edbal Fern\u00e1ndez hizo un an\u00e1lisis sobre tres de los temas m\u00e1s trascendentes del pa\u00eds: la actual pandemia de coronavirus (COVID-19), la deuda externa y la gesti\u00f3n del Gobierno nacional.<\/p>\n\n\n\n<p>En este marco, destac\u00f3 las acciones tomadas por el Presidente de la Naci\u00f3n, Alberto Fern\u00e1ndez, priorizando la salud y la vida de los ciudadanos; y critic\u00f3 duramente la pol\u00edtica econ\u00f3mica llevada adelante por el gobierno de Cambiemos, fundamentalmente en materia de endeudamiento.<\/p>\n\n\n\n<p>Asimismo, antes de dar lugar a las preguntas del resto de los participantes y hacer un recorrido por diversos temas de la pol\u00edtica provincial, nacional e internacional en el actual contexto de emergencia sanitaria (con los desaf\u00edos que propone la situaci\u00f3n tanto a funcionarios, como a sindicatos y a trabajadores), el ex Ministro de la Naci\u00f3n se refiri\u00f3 a la importancia de la reforma judicial propuesta por el Ejecutivo Nacional. &nbsp;<\/p>\n\n\n\n<p>Por su parte, Carlos Quintana evalu\u00f3 severamente las gestiones de Mauricio Macri y Mar\u00eda Eugenia Vidal, a nivel nacional y provincial, respectivamente. \u201cDurante 4 a\u00f1os vivimos una noche negra, en la que no cumplieron con nada y dejaron a los trabajadores p\u00fablicos un 25% por debajo del salario\u201d, sentenci\u00f3 el Secretario General de UPCN.<\/p>\n\n\n\n<p>En total, casi 500 personas participaron de la videoconferencia, que tambi\u00e9n cont\u00f3 con las disertaciones del subsecretario de Profesionalizaci\u00f3n de la organizaci\u00f3n del sindicato, David Quintana Murta; del secretario Gremial, Diego R\u00e9tola; y del secretario de Finanzas de UPCNBA, H\u00e9ctor Nieves.<\/p>\n\n\n\n<p>Adem\u00e1s de intendentes de numerosos distritos bonaerenses, tambi\u00e9n fueron parte del encuentro el secretario de Interior, Hern\u00e1n Rossi; la Ministra de Gobierno provincial, Teresa Garc\u00eda; y funcionarios de gobierno; as\u00ed como tambi\u00e9n la secretaria Adjunta de UPCN, Fabiola Mosquera; delegados; miembros de las comisiones internas y afiliados a esta organizaci\u00f3n gremial.<\/p>\n\n\n\n<p>Conformes con el resultado de la reuni\u00f3n, sus organizadores plantearon la posibilidad de repetir la charla con un formato similar, con el objetivo de \u201cfortalecer el di\u00e1logo entre los compa\u00f1eros, con la referencia de un dirigente con gran trayectoria pol\u00edtica y capacidad\u201d, expresaron.<\/p>\n","protected":false},"excerpt":{"rendered":"<p>Junto a otros jefes comunales del Conurbano bonaerense, el intendente de Berazategui, Dr. Juan Jos\u00e9&#8230;<\/p>\n","protected":false},"author":1,"featured_media":59656,"comment_status":"open","ping_status":"open","sticky":false,"template":"","format":"standard","meta":{"footnotes":""},"categories":[30],"tags":[],"class_list":["post-7031","post","type-post","status-publish","format-standard","has-post-thumbnail","hentry","category-gremiales"],"_links":{"self":[{"href":"http:\/\/conurbanodiario.com.ar\/index.php?rest_route=\/wp\/v2\/posts\/7031","targetHints":{"allow":["GET"]}}],"collection":[{"href":"http:\/\/conurbanodiario.com.ar\/index.php?rest_route=\/wp\/v2\/posts"}],"about":[{"href":"http:\/\/conurbanodiario.com.ar\/index.php?rest_route=\/wp\/v2\/types\/post"}],"author":[{"embeddable":true,"href":"http:\/\/conurbanodiario.com.ar\/index.php?rest_route=\/wp\/v2\/users\/1"}],"replies":[{"embeddable":true,"href":"http:\/\/conurbanodiario.com.ar\/index.php?rest_route=%2Fwp%2Fv2%2Fcomments&post=7031"}],"version-history":[{"count":1,"href":"http:\/\/conurbanodiario.com.ar\/index.php?rest_route=\/wp\/v2\/posts\/7031\/revisions"}],"predecessor-version":[{"id":7033,"href":"http:\/\/conurbanodiario.com.ar\/index.php?rest_route=\/wp\/v2\/posts\/7031\/revisions\/7033"}],"wp:featuredmedia":[{"embeddable":true,"href":"http:\/\/conurbanodiario.com.ar\/index.php?rest_route=\/wp\/v2\/media\/59656"}],"wp:attachment":[{"href":"http:\/\/conurbanodiario.com.ar\/index.php?rest_route=%2Fwp%2Fv2%2Fmedia&parent=7031"}],"wp:term":[{"taxonomy":"category","embeddable":true,"href":"http:\/\/conurbanodiario.com.ar\/index.php?rest_route=%2Fwp%2Fv2%2Fcategories&post=7031"},{"taxonomy":"post_tag","embeddable":true,"href":"http:\/\/conurbanodiario.com.ar\/index.php?rest_route=%2Fwp%2Fv2%2Ftags&post=7031"}],"curies":[{"name":"wp","href":"https:\/\/api.w.org\/{rel}","templated":true}]}}