{"id":6991,"date":"2020-08-04T03:05:00","date_gmt":"2020-08-04T06:05:00","guid":{"rendered":"http:\/\/conurbanodiario.com.ar\/?p=6991"},"modified":"2020-08-03T00:25:40","modified_gmt":"2020-08-03T03:25:40","slug":"analizan-como-se-reanudara-el-el-juicio-de-la-causa-orletti-v","status":"publish","type":"post","link":"http:\/\/conurbanodiario.com.ar\/?p=6991","title":{"rendered":"ANALIZAN C\u00d3MO SE REANUDAR\u00c1 EL EL JUICIO DE LA CAUSA \u00abORLETTI V\u00bb"},"content":{"rendered":"\n<p>El Tribunal Oral en lo Criminal Federal 1 de la Capital Federal realizar\u00e1 el viernes pr\u00f3ximo una audiencia ordenatoria para analizar con las partes c\u00f3mo se reanudar\u00e1 el juicio por delitos de lesa humanidad denominado \u00abOrletti V\u00bb.<\/p>\n\n\n\n<p>En ese marco, desde las 9, se discutir\u00e1 con qu\u00e9 sistema proseguir\u00e1 el proceso por delitos cometidos contra 11 v\u00edctimas en el centro clandestino de detenci\u00f3n Automotores Orletti.<\/p>\n\n\n\n<p>En este juicio se analizan las responsabilidades penales de Eduardo Ruffo, Honorio Carlos Mart\u00ednez Ruiz, Eduardo Cabanillas y Miguel \u00c1ngel Furci, quienes revistaban como personal civil de inteligencia en hechos por los que -hasta ahora- no fueron juzgados.<\/p>\n\n\n\n<p>Todos ellos ya fueron condenados en los dos primeros juicios, pero por otros hechos, y en esta causa se investigan los homicidios de Carlos H\u00edber Santucho, Crescencio Gala\u00f1ena Hern\u00e1ndez y Edgardo Jes\u00fas Cejas Arias; los secuestros, tormentos y homicidios de Mar\u00eda Rosa Clementi de Cancere y de Ricardo Manuel Gonz\u00e1lez.<\/p>\n\n\n\n<p>Adem\u00e1s se analizan los secuestros, tormentos, ocultaci\u00f3n y retenci\u00f3n de los menores de 10 a\u00f1os Anatole Boris Julien Grisonas y Victoria Eva Julien Grisonas; y los secuestros y tormentos de Rosa Mar\u00eda Zlachevsky, Judit Jacubovich, Orlinda Brenda Falero, Jos\u00e9 Luis Mu\u00f1oz Barbach\u00e1n.<\/p>\n\n\n\n<p>Por otra parte, el mi\u00e9rcoles y por videoconferencia, proseguir\u00e1 en el Tribunal Oral Federal n\u00famero 1 de La Plata el juicio de lesa humanidad por delitos cometidos en el centro clandestino de detenci\u00f3n que funcion\u00f3 en la Brigada de San Justo, que comprende a 18 imputados y 84 v\u00edctimas y se encuentra en etapa de alegatos de las defensas.<\/p>\n\n\n\n<p>Ese mismo d\u00eda, en los Tribunales de San Mart\u00edn y por medios electr\u00f3nicos, seguir\u00e1 el debate de la megacausa de Campo de Mayo, en la que se investigan cr\u00edmenes perpetrados entre 1976 y 1978 en perjuicio de 323 v\u00edctimas que fueron secuestradas en el \u00e1rea represiva denominada como Zona de Defensa IV.<\/p>\n\n\n\n<p>En la misma jornada, continuar\u00e1 en Mar del Plata el juicio \u00abLa Cueva III\u00bb, por delitos cometidos en el centro clandestino de detenci\u00f3n que funcion\u00f3 en la antigua Base A\u00e9rea de Mar del Plata.<\/p>\n\n\n\n<p>El Tribunal Oral Federal 4 de San Mart\u00edn seguir\u00e1 juzgando el jueves, a trav\u00e9s de la v\u00eda remota, a nueve exintegrantes del Servicio de Inteligencia del Ej\u00e9rcito por los secuestros, torturas y asesinatos de casi cien personas, en el marco de la causa en la que se investigan los delitos cometidos durante la represi\u00f3n ilegal a la denominada \u00abContraofensiva montonera\u00bb, ocurrida entre 1979 y 1980.<\/p>\n\n\n\n<p>Tambi\u00e9n ese d\u00eda, en Bah\u00eda Blanca, continuar\u00e1n por videoconferencia las audiencias en el juicio que se sigue por los delitos de lesa humanidad cometidos en esa ciudad por la banda parapolicial Triple A antes del golpe del 24 de marzo de 1976.<\/p>\n\n\n\n<p>En Tucum\u00e1n, proseguir\u00e1n el jueves las testimoniales &#8211;que ser\u00e1n transmitidas por la plataforma Zoom&#8211; del juicio en el que se investigan cr\u00edmenes de lesa humanidad contra 366 v\u00edctimas en un proceso que incluye cinco causas acumuladas, entre ellas los hechos del expediente conocido como Operativo Independencia II.<\/p>\n\n\n\n<p>El viernes habr\u00e1 una nueva audiencia virtual del juicio de la causa Vesubio III, proceso en el cual hay diez acusados de homicidio y privaci\u00f3n ileg\u00edtima de la libertad en perjuicio de 420 v\u00edctimas, detenidas en el centro clandestino de detenci\u00f3n que funcion\u00f3 hasta septiembre de 1978.<\/p>\n\n\n\n<p>Finalmente, en Mendoza se reanudar\u00e1 por la v\u00eda remota el denominado juicio acumulado que aborda la responsabilidad penal de veinte imputados, en su mayor parte integrantes del Ej\u00e9rcito y la Fuerza \u00c1rea, por cr\u00edmenes de lesa humanidad perpetrados contra 107 v\u00edctimas, de las cuales 61 fueron desaparecidas y tres ejecutadas.<\/p>\n","protected":false},"excerpt":{"rendered":"<p>El Tribunal Oral en lo Criminal Federal 1 de la Capital Federal realizar\u00e1 el viernes&#8230;<\/p>\n","protected":false},"author":1,"featured_media":59656,"comment_status":"open","ping_status":"open","sticky":false,"template":"","format":"standard","meta":{"footnotes":""},"categories":[5],"tags":[],"class_list":["post-6991","post","type-post","status-publish","format-standard","has-post-thumbnail","hentry","category-el-pais"],"_links":{"self":[{"href":"http:\/\/conurbanodiario.com.ar\/index.php?rest_route=\/wp\/v2\/posts\/6991","targetHints":{"allow":["GET"]}}],"collection":[{"href":"http:\/\/conurbanodiario.com.ar\/index.php?rest_route=\/wp\/v2\/posts"}],"about":[{"href":"http:\/\/conurbanodiario.com.ar\/index.php?rest_route=\/wp\/v2\/types\/post"}],"author":[{"embeddable":true,"href":"http:\/\/conurbanodiario.com.ar\/index.php?rest_route=\/wp\/v2\/users\/1"}],"replies":[{"embeddable":true,"href":"http:\/\/conurbanodiario.com.ar\/index.php?rest_route=%2Fwp%2Fv2%2Fcomments&post=6991"}],"version-history":[{"count":1,"href":"http:\/\/conurbanodiario.com.ar\/index.php?rest_route=\/wp\/v2\/posts\/6991\/revisions"}],"predecessor-version":[{"id":6993,"href":"http:\/\/conurbanodiario.com.ar\/index.php?rest_route=\/wp\/v2\/posts\/6991\/revisions\/6993"}],"wp:featuredmedia":[{"embeddable":true,"href":"http:\/\/conurbanodiario.com.ar\/index.php?rest_route=\/wp\/v2\/media\/59656"}],"wp:attachment":[{"href":"http:\/\/conurbanodiario.com.ar\/index.php?rest_route=%2Fwp%2Fv2%2Fmedia&parent=6991"}],"wp:term":[{"taxonomy":"category","embeddable":true,"href":"http:\/\/conurbanodiario.com.ar\/index.php?rest_route=%2Fwp%2Fv2%2Fcategories&post=6991"},{"taxonomy":"post_tag","embeddable":true,"href":"http:\/\/conurbanodiario.com.ar\/index.php?rest_route=%2Fwp%2Fv2%2Ftags&post=6991"}],"curies":[{"name":"wp","href":"https:\/\/api.w.org\/{rel}","templated":true}]}}