{"id":6975,"date":"2020-08-03T03:05:00","date_gmt":"2020-08-03T06:05:00","guid":{"rendered":"http:\/\/conurbanodiario.com.ar\/?p=6975"},"modified":"2020-08-02T23:42:52","modified_gmt":"2020-08-03T02:42:52","slug":"el-extremo-brian-romero-espera-acuerdo-de-independiente-con-argentinos-juniors","status":"publish","type":"post","link":"http:\/\/conurbanodiario.com.ar\/?p=6975","title":{"rendered":"EL EXTREMO BRIAN ROMERO ESPERA ACUERDO DE INDEPENDIENTE CON ARGENTINOS JUNIORS"},"content":{"rendered":"\n<p>El extremo derecho Brian Romero espera que se formalice un acuerdo entre su actual club, Independiente, y el que provino, Argentinos Juniors, debido a que el t\u00e9cnico Lucas Pusineri no lo tendr\u00e1 en cuenta para el equipo de Avellaneda.<\/p>\n\n\n\n<p>Romero, de 29 a\u00f1os, fue transferido por el \u00abBicho Colorado\u00bb a Independiente en 2017, donde no alcanz\u00f3 el rendimiento esperado y el a\u00f1o pasado jug\u00f3 a pr\u00e9stamo en Athl\u00e9tico Paranaense, de Brasil.<\/p>\n\n\n\n<p>A ra\u00edz de que el entrenador del \u00abDiablo\u00bb le comunic\u00f3 hace un mes al jugador que \u00abno lo tendr\u00eda en cuenta\u00bb, el iniciado en Acassuso se \u00abilusion\u00f3 con volver por La Paternal\u00bb, dijeron a T\u00e9lam desde el c\u00edrculo m\u00e1s allegado a Romero.<\/p>\n\n\n\n<p>El primer intento fracas\u00f3 porque hab\u00eda sido ofrecido como parte de pago por el lateral izquierdo El\u00edas G\u00f3mez, que le interesa a Pusineri, que ahora debe evaluar alg\u00fan otro jugador de Argentinos para hacer un canje.<\/p>\n\n\n\n<p>Porque el DT Diego Dabove est\u00e1 interesado en contarlo en el \u00abBicho\u00bb, pero el defensor ofertado al \u00abRey de Copas\u00bb, Jonathan Galv\u00e1n no interes\u00f3, aunque podr\u00eda elegir entre alg\u00fan otro defensor o mediocampista como le plantearon desde Argentinos, exceptos G\u00f3mez y el volante Fausto Vera -otro que interesaba a \u00abPusi\u00bb- porque tendr\u00e1n destino europeo.<\/p>\n\n\n\n<p>Por otra parte, Independiente oficializ\u00f3 el retorno al club de su ex arquero Farid Mondrag\u00f3n, \u00abcontratado como nuevo director de Relaciones Internacionales de la instituci\u00f3n\u00bb.<\/p>\n\n\n\n<p>El colombiano, de 49 a\u00f1os, se destac\u00f3 en la custodia del arco \u00abrojo\u00bb del 1995 a 2000, con un paso intermedio por Zaragoza de Espa\u00f1a, y fue en su primera temporada que el \u00abDiablo\u00bb alcanz\u00f3 a ganar dos copas: Sudamericana y Recopa Sudamericana.<\/p>\n\n\n\n<p>La funci\u00f3n de Mondrag\u00f3n, quien ser\u00e1 presentado durante la semana entrante, consistir\u00e1 en hacer crecer la marca Independiente en el exterior en el \u00e1rea de marketing, vincul\u00e1ndose con otros clubes y empresas; adem\u00e1s de la FIFA y Conmbebol; captando jugadores y gestionando partidos amistosos.<\/p>\n\n\n\n<p>La exguardavalla, quien result\u00f3 clave para que los de Avellaneda acordara con Deportivo Cali la continuidad del volante colombiano Andr\u00e9s Roa, con su tarea no tendr\u00e1 injerencia con la que le corresponde al m\u00e1nager Jorge Burruchaga, aunque en alg\u00fan tema podr\u00edan complementarse.<\/p>\n","protected":false},"excerpt":{"rendered":"<p>El extremo derecho Brian Romero espera que se formalice un acuerdo entre su actual club,&#8230;<\/p>\n","protected":false},"author":1,"featured_media":59656,"comment_status":"open","ping_status":"open","sticky":false,"template":"","format":"standard","meta":{"footnotes":""},"categories":[32],"tags":[],"class_list":["post-6975","post","type-post","status-publish","format-standard","has-post-thumbnail","hentry","category-deportes"],"_links":{"self":[{"href":"http:\/\/conurbanodiario.com.ar\/index.php?rest_route=\/wp\/v2\/posts\/6975","targetHints":{"allow":["GET"]}}],"collection":[{"href":"http:\/\/conurbanodiario.com.ar\/index.php?rest_route=\/wp\/v2\/posts"}],"about":[{"href":"http:\/\/conurbanodiario.com.ar\/index.php?rest_route=\/wp\/v2\/types\/post"}],"author":[{"embeddable":true,"href":"http:\/\/conurbanodiario.com.ar\/index.php?rest_route=\/wp\/v2\/users\/1"}],"replies":[{"embeddable":true,"href":"http:\/\/conurbanodiario.com.ar\/index.php?rest_route=%2Fwp%2Fv2%2Fcomments&post=6975"}],"version-history":[{"count":1,"href":"http:\/\/conurbanodiario.com.ar\/index.php?rest_route=\/wp\/v2\/posts\/6975\/revisions"}],"predecessor-version":[{"id":6976,"href":"http:\/\/conurbanodiario.com.ar\/index.php?rest_route=\/wp\/v2\/posts\/6975\/revisions\/6976"}],"wp:featuredmedia":[{"embeddable":true,"href":"http:\/\/conurbanodiario.com.ar\/index.php?rest_route=\/wp\/v2\/media\/59656"}],"wp:attachment":[{"href":"http:\/\/conurbanodiario.com.ar\/index.php?rest_route=%2Fwp%2Fv2%2Fmedia&parent=6975"}],"wp:term":[{"taxonomy":"category","embeddable":true,"href":"http:\/\/conurbanodiario.com.ar\/index.php?rest_route=%2Fwp%2Fv2%2Fcategories&post=6975"},{"taxonomy":"post_tag","embeddable":true,"href":"http:\/\/conurbanodiario.com.ar\/index.php?rest_route=%2Fwp%2Fv2%2Ftags&post=6975"}],"curies":[{"name":"wp","href":"https:\/\/api.w.org\/{rel}","templated":true}]}}