{"id":6774,"date":"2020-07-28T03:05:00","date_gmt":"2020-07-28T06:05:00","guid":{"rendered":"http:\/\/conurbanodiario.com.ar\/?p=6774"},"modified":"2020-07-27T20:58:27","modified_gmt":"2020-07-27T23:58:27","slug":"se-confirma-salida-de-perez-acuna-y-tigre-piensa-en-blondel-para-reemplazarlo","status":"publish","type":"post","link":"http:\/\/conurbanodiario.com.ar\/?p=6774","title":{"rendered":"SE CONFIRMA SALIDA DE P\u00c9REZ ACU\u00d1A Y TIGRE PIENSA EN BLONDEL PARA REEMPLAZARLO"},"content":{"rendered":"\n<p>El marcador de punta Mat\u00edas P\u00e9rez Acu\u00f1a confirm\u00f3 su salida de Tigre, club de la Primera Nacional que eval\u00faa la chance de que llegue Lucas Blondel para reemplazarlo.<\/p>\n\n\n\n<p>\u201cFueron dos a\u00f1os y medio maravillosos donde conoc\u00ed gente b\u00e1rbara, disfrut\u00e9 cada d\u00eda y pasamos buenas y malas. Me llevo uno de los recuerdos m\u00e1s lindos de mi vida que fue haber logrado esa tan ansiada estrella\u201d, sostuvo el lateral derecho que integr\u00f3 el plantel campe\u00f3n de la Copa Superliga (2019), bajo la conducci\u00f3n del DT N\u00e9stor Gorosito.<\/p>\n\n\n\n<p>\u201cAgradezco a todos los pibes que fueron parte, que son unas fieras por cierto. Y a la gente que nos banc\u00f3 siempre, que nos acostumbr\u00f3 siempre a jugar a cancha llena\u201d agreg\u00f3 el exjugador de V\u00e9lez Sarsfield, en su cuenta de la red social Instagram.<\/p>\n\n\n\n<p>P\u00e9rez Acu\u00f1a, de 26 a\u00f1os, se convirti\u00f3 as\u00ed en una nueva baja del elenco del \u2018Matador\u2019 que intentar\u00e1 en cuanto se produzca la reanudaci\u00f3n del f\u00fatbol (tras la pandemia del coronavirus) cumplir el objetivo de regresar a Primera Divisi\u00f3n.<\/p>\n\n\n\n<p>Luego de finalizar sus v\u00ednculos en junio pasado tambi\u00e9n se fueron los jugadores Juan Ignacio Cavallaro, Gerardo Alcoba, Fabricio Dom\u00ednguez, Gustavo Villarruel, Jordan Mosquera, Marcelo Larrondo, Emanuel Dening, Ignacio Canuto, Jonathan Ramis y Jorge Ortiz.<\/p>\n\n\n\n<p>La dirigencia de Tigre ya pens\u00f3 en un eventual sustituto de P\u00e9rez Acu\u00f1a y la mira se centr\u00f3 en el marcador de punta de Atl\u00e9tico de Rafaela, Lucas Blondel.<\/p>\n\n\n\n<p>Hasta el momento, la entidad del Norte de Gran Buenos Aires incorpor\u00f3 a Rom\u00e1n Mart\u00ednez (Aldosivi de Mar del Plata), Sebasti\u00e1n Prieto (Temperley), Facundo Monteseir\u00edn (San Mart\u00edn de San Juan), David Gallardo (Villa D\u00e1lmine) y Abel Luciatti (San Mart\u00edn de Tucum\u00e1n).<\/p>\n\n\n\n<p>En tanto, en las pr\u00f3ximas horas, seg\u00fan indic\u00f3 el sitio partidario \u2018Tras los pasos del Tigre\u2019, la entidad \u201char\u00e1 un ofrecimiento concreto\u201d al delantero Luciano Pons, quien qued\u00f3 sin v\u00ednculo en San Mart\u00edn de Tucum\u00e1n, en junio pasado.<\/p>\n","protected":false},"excerpt":{"rendered":"<p>El marcador de punta Mat\u00edas P\u00e9rez Acu\u00f1a confirm\u00f3 su salida de Tigre, club de la&#8230;<\/p>\n","protected":false},"author":1,"featured_media":59656,"comment_status":"open","ping_status":"open","sticky":false,"template":"","format":"standard","meta":{"footnotes":""},"categories":[32],"tags":[],"class_list":["post-6774","post","type-post","status-publish","format-standard","has-post-thumbnail","hentry","category-deportes"],"_links":{"self":[{"href":"http:\/\/conurbanodiario.com.ar\/index.php?rest_route=\/wp\/v2\/posts\/6774","targetHints":{"allow":["GET"]}}],"collection":[{"href":"http:\/\/conurbanodiario.com.ar\/index.php?rest_route=\/wp\/v2\/posts"}],"about":[{"href":"http:\/\/conurbanodiario.com.ar\/index.php?rest_route=\/wp\/v2\/types\/post"}],"author":[{"embeddable":true,"href":"http:\/\/conurbanodiario.com.ar\/index.php?rest_route=\/wp\/v2\/users\/1"}],"replies":[{"embeddable":true,"href":"http:\/\/conurbanodiario.com.ar\/index.php?rest_route=%2Fwp%2Fv2%2Fcomments&post=6774"}],"version-history":[{"count":1,"href":"http:\/\/conurbanodiario.com.ar\/index.php?rest_route=\/wp\/v2\/posts\/6774\/revisions"}],"predecessor-version":[{"id":6776,"href":"http:\/\/conurbanodiario.com.ar\/index.php?rest_route=\/wp\/v2\/posts\/6774\/revisions\/6776"}],"wp:featuredmedia":[{"embeddable":true,"href":"http:\/\/conurbanodiario.com.ar\/index.php?rest_route=\/wp\/v2\/media\/59656"}],"wp:attachment":[{"href":"http:\/\/conurbanodiario.com.ar\/index.php?rest_route=%2Fwp%2Fv2%2Fmedia&parent=6774"}],"wp:term":[{"taxonomy":"category","embeddable":true,"href":"http:\/\/conurbanodiario.com.ar\/index.php?rest_route=%2Fwp%2Fv2%2Fcategories&post=6774"},{"taxonomy":"post_tag","embeddable":true,"href":"http:\/\/conurbanodiario.com.ar\/index.php?rest_route=%2Fwp%2Fv2%2Ftags&post=6774"}],"curies":[{"name":"wp","href":"https:\/\/api.w.org\/{rel}","templated":true}]}}