{"id":6757,"date":"2020-07-28T03:05:00","date_gmt":"2020-07-28T06:05:00","guid":{"rendered":"http:\/\/conurbanodiario.com.ar\/?p=6757"},"modified":"2020-07-27T19:47:04","modified_gmt":"2020-07-27T22:47:04","slug":"hasta-el-3-de-agosto-se-podran-enviar-cuentos-para-el-concurso-haroldo-conti","status":"publish","type":"post","link":"http:\/\/conurbanodiario.com.ar\/?p=6757","title":{"rendered":"HASTA EL 3 DE AGOSTO SE PODR\u00c1N ENVIAR CUENTOS PARA EL CONCURSO HAROLDO CONTI"},"content":{"rendered":"\n<p>Los j\u00f3venes escritores y escritoras bonaerenses tendr\u00e1n plazo hasta el pr\u00f3ximo 3 de agosto, inclusive, para participar del tradicional \u00abConcurso de Cuento Haroldo Conti\u00bb, inform\u00f3 el Ministerio de Producci\u00f3n, Ciencia e Innovaci\u00f3n Tecnol\u00f3gica de la provincia de Buenos Aires.<\/p>\n\n\n\n<p>Seg\u00fan detall\u00f3 la cartera de Producci\u00f3n, el concurso no se organiz\u00f3 durante 4 a\u00f1os. Por eso, el regreso del Concurso de Cuento Haroldo Conti supone una reconquista en el calendario cultural de la Provincia y una nueva apuesta por un certamen que desde 1996 ha brindado oportunidades a j\u00f3venes autores y autoras.<\/p>\n\n\n\n<p>El Concurso de Cuento Haroldo Conti, en su edici\u00f3n Bicentenario, est\u00e1 destinado a narradoras y narradores de entre 18 y 35 a\u00f1os de edad nacidos en el territorio bonaerense o con cinco (5) a\u00f1os de residencia en el mismo.<\/p>\n\n\n\n<p>Hasta el 3 de agosto de 2020 inclusive, los y las participantes podr\u00e1n enviar en formato PDF un \u00fanico cuento, original, in\u00e9dito y de tem\u00e1tica libre.<\/p>\n\n\n\n<p>Los tres primeros cuentos seleccionados recibir\u00e1n $ 40.000, $ 30.000 y $ 20.000, respectivamente; y se otorgar\u00e1n hasta 12 menciones.<\/p>\n\n\n\n<p>Asimismo, las 15 obras seleccionadas ser\u00e1n publicadas por Ediciones Bonaerenses.<\/p>\n\n\n\n<p>El jurado, integrado por F\u00e9lix Bruzzone, Mariana Enriquez, Jimena N\u00e9spolo, Patricia Ratto y Hern\u00e1n Ronsino, se expedir\u00e1 dentro de los 75 d\u00edas posteriores al cierre de la convocatoria y la entrega de premios se realizar\u00e1 en el mes de noviembre de 2020.<\/p>\n\n\n\n<p>El Concurso de Cuento Haroldo Conti es s\u00edmbolo de prestigio desde sus or\u00edgenes: su historial de premiados y seleccionados incluye nombres como los de Hern\u00e1n Casciari, Mart\u00edn Kohan, Patricia Su\u00e1rez, Hern\u00e1n Ronsino, Ram\u00f3n Tarruella, Samanta Schweblin o Leopoldo Brizuela.<\/p>\n\n\n\n<p>Con su nombre, el concurso rinde homenaje al escritor bonaerense Haroldo Conti, nacido en Chacabuco el 25 de mayo de 1925 y desaparecido desde 1976, cuando ten\u00eda 50 a\u00f1os.<\/p>\n\n\n\n<p>Fue un singular cuentista y autor de novelas como Sudeste, Alrededor de la jaula y Mascar\u00f3, el cazador americano. Por esta \u00faltima recibi\u00f3 el premio Casa de las Am\u00e9ricas.<\/p>\n\n\n\n<p>Las bases y condiciones est\u00e1n en gba.gob.ar\/cultura\/concurso_haroldo_conti y las eventuales consultas pueden ser remitidas a concursoharoldoconti@cultura.gba.gob.ar.<\/p>\n","protected":false},"excerpt":{"rendered":"<p>Los j\u00f3venes escritores y escritoras bonaerenses tendr\u00e1n plazo hasta el pr\u00f3ximo 3 de agosto, inclusive,&#8230;<\/p>\n","protected":false},"author":1,"featured_media":59656,"comment_status":"open","ping_status":"open","sticky":false,"template":"","format":"standard","meta":{"footnotes":""},"categories":[8],"tags":[],"class_list":["post-6757","post","type-post","status-publish","format-standard","has-post-thumbnail","hentry","category-cultura"],"_links":{"self":[{"href":"http:\/\/conurbanodiario.com.ar\/index.php?rest_route=\/wp\/v2\/posts\/6757","targetHints":{"allow":["GET"]}}],"collection":[{"href":"http:\/\/conurbanodiario.com.ar\/index.php?rest_route=\/wp\/v2\/posts"}],"about":[{"href":"http:\/\/conurbanodiario.com.ar\/index.php?rest_route=\/wp\/v2\/types\/post"}],"author":[{"embeddable":true,"href":"http:\/\/conurbanodiario.com.ar\/index.php?rest_route=\/wp\/v2\/users\/1"}],"replies":[{"embeddable":true,"href":"http:\/\/conurbanodiario.com.ar\/index.php?rest_route=%2Fwp%2Fv2%2Fcomments&post=6757"}],"version-history":[{"count":1,"href":"http:\/\/conurbanodiario.com.ar\/index.php?rest_route=\/wp\/v2\/posts\/6757\/revisions"}],"predecessor-version":[{"id":6759,"href":"http:\/\/conurbanodiario.com.ar\/index.php?rest_route=\/wp\/v2\/posts\/6757\/revisions\/6759"}],"wp:featuredmedia":[{"embeddable":true,"href":"http:\/\/conurbanodiario.com.ar\/index.php?rest_route=\/wp\/v2\/media\/59656"}],"wp:attachment":[{"href":"http:\/\/conurbanodiario.com.ar\/index.php?rest_route=%2Fwp%2Fv2%2Fmedia&parent=6757"}],"wp:term":[{"taxonomy":"category","embeddable":true,"href":"http:\/\/conurbanodiario.com.ar\/index.php?rest_route=%2Fwp%2Fv2%2Fcategories&post=6757"},{"taxonomy":"post_tag","embeddable":true,"href":"http:\/\/conurbanodiario.com.ar\/index.php?rest_route=%2Fwp%2Fv2%2Ftags&post=6757"}],"curies":[{"name":"wp","href":"https:\/\/api.w.org\/{rel}","templated":true}]}}