{"id":6745,"date":"2020-07-28T03:05:00","date_gmt":"2020-07-28T06:05:00","guid":{"rendered":"http:\/\/conurbanodiario.com.ar\/?p=6745"},"modified":"2020-07-27T18:28:50","modified_gmt":"2020-07-27T21:28:50","slug":"operativo-detectar-en-barrio-bustillo","status":"publish","type":"post","link":"http:\/\/conurbanodiario.com.ar\/?p=6745","title":{"rendered":"OPERATIVO \u00abDeTECTAr\u00bb EN BARRIO BUSTILLO"},"content":{"rendered":"\n<p><strong>Ante la propagaci\u00f3n del Coronavirus (COVID-19), y la consecuente situaci\u00f3n de emergencia sanitaria y aislamiento social, preventivo y obligatorio, la Municipalidad de Berazategui contin\u00faa implementando y reforzando el Dispositivo Estrat\u00e9gico de Testeo para Coronavirus en Territorio de Argentina (DETeCTAr), junto con el Gobierno de la provincia de Buenos Aires. En su quinta jornada, el operativo se llev\u00f3 a cabo en el barrio Bustillo, que re\u00fane 39 manzanas de alta densidad poblacional.<\/strong><\/p>\n\n\n\n<p>En esta jornada, alrededor de 60 voluntarios, integrantes de movimientos sociales y promotores territoriales de salud sumaron sus esfuerzos al trabajo de los agentes municipales y provinciales. Recorrieron casa por casa para evaluar la situaci\u00f3n epidemiol\u00f3gica, detectar a aquellas personas con s\u00edntomas compatibles con el virus y concientizar a la poblaci\u00f3n sobre la implementaci\u00f3n de medidas de prevenci\u00f3n.<\/p>\n\n\n\n<p>\u201cA partir de la georreferenciaci\u00f3n, pudimos abordar este barrio. Se han realizado varios operativos con gran \u00e9xito y se continuar\u00e1n haciendo. Hemos visto pacientes sintom\u00e1ticos que no estaban realizando la consulta en tiempo y forma. Sin embargo, el operativo llega casa por casa, entra en contacto con ellos, sus familias y contactos estrechos, se los traslada al hospital m\u00f3vil y se les hace el hisopado. Algunos de ellos han dado positivo y se han tomado las medidas correspondientes. El procedimiento de hisopado demora entre 24 y 48 horas, y su realizaci\u00f3n sigue un protocolo para efectuarse en personas asintom\u00e1ticas y en sus contactos estrechos, con el objetivo de bloquear los casos sospechosos y los posibles, para luego hacerles un seguimiento\u201d, inform\u00f3 el Dr. Pablo Costa, secretario de Salud P\u00fablica e Higiene municipal.<\/p>\n\n\n\n<p>Por su parte, Ana Vallejos, voluntaria e instrumentadora quir\u00fargica, explic\u00f3: \u201cEste operativo nos permite ir casa por casa haciendo un rastreo, preguntado a los vecinos y vecinas acerca de los s\u00edntomas del coronavirus, si los han presentado en los \u00faltimos 15 d\u00edas. Tambi\u00e9n, les damos a conocer la implementaci\u00f3n -en forma paralela- del Programa REMEDIAR en el m\u00f3vil, y les preguntamos por alg\u00fan otro inconveniente que mediante este procedimiento de control de salud podamos solucionar. Cuando el vecino o vecina cumple con la sintomatolog\u00eda, el m\u00e9dico del Centro de atenci\u00f3n eval\u00faa si es necesario proceder con el hisopado o no, y se toman las medidas correspondientes. La gente nos recibe bien aunque con miedo, pero enseguida comprenden que es por su bien y, con confianza, nos cuentan acerca de los s\u00edntomas que han presentado y su trato con portadores de COVID-19. De modo que, a trav\u00e9s del di\u00e1logo, nos acercamos y los contenemos\u201d.<\/p>\n\n\n\n<p>Durante el relevamiento por los hogares, fueron muchos los vecinos que expresaron su conformidad con la iniciativa. \u201cEs muy bueno el trabajo que est\u00e1n haciendo. Es muy importante porque as\u00ed el Municipio recorre los barrios y toma conocimiento acerca de la gente que se ha contagiado\u201d, coment\u00f3 Ra\u00fal Ag\u00fcero.<\/p>\n\n\n\n<p>\u201cRealmente estoy muy agradecida. Me parece b\u00e1rbaro que hagan esto, porque tengo entendido que hay casos de coronavirus ac\u00e1 en el barrio Bustillo. Tienen la base (el hospital m\u00f3vil) en el Centro de Jubilados, y yo -como jubilada- estoy muy agradecida por este control en la pandemia\u201d, expres\u00f3 Amalia Reinoso, vecina que se encuentra dentro del considerado grupo de riesgo frente al COVID-19.<\/p>\n\n\n\n<p>\u201cEl aumento de casos se ha evidenciado por la importante transmisi\u00f3n comunitaria. Es por eso que este operativo permite tener mayor capacidad de diagn\u00f3stico. Es importante que el sistema sanitario se acerque a la poblaci\u00f3n. Hay un aumento de casos visible a nivel general y por eso estamos cada vez m\u00e1s atentos para diagnosticar prontamente. Junto con agentes provinciales, estamos organizando operativos futuros dependiendo de la cantidad de casos por barrio, de la georreferenciaci\u00f3n y del estudio epidemiol\u00f3gico que se realiza cada d\u00eda\u201c, finaliz\u00f3 Costa.<\/p>\n\n\n\n<p>Desde su implementaci\u00f3n en la ciudad de Berazategui, el DETeCTAr ya se realiz\u00f3 tambi\u00e9n en los barrios Asunci\u00f3n-Mosconi, Aldana, Los Ciruelos, Primero de Mayo, Los Pinos, General Belgrano y Jacarand\u00e1.&nbsp;<\/p>\n","protected":false},"excerpt":{"rendered":"<p>Ante la propagaci\u00f3n del Coronavirus (COVID-19), y la consecuente situaci\u00f3n de emergencia sanitaria y aislamiento&#8230;<\/p>\n","protected":false},"author":1,"featured_media":59656,"comment_status":"open","ping_status":"open","sticky":false,"template":"","format":"standard","meta":{"footnotes":""},"categories":[31],"tags":[],"class_list":["post-6745","post","type-post","status-publish","format-standard","has-post-thumbnail","hentry","category-salud"],"_links":{"self":[{"href":"http:\/\/conurbanodiario.com.ar\/index.php?rest_route=\/wp\/v2\/posts\/6745","targetHints":{"allow":["GET"]}}],"collection":[{"href":"http:\/\/conurbanodiario.com.ar\/index.php?rest_route=\/wp\/v2\/posts"}],"about":[{"href":"http:\/\/conurbanodiario.com.ar\/index.php?rest_route=\/wp\/v2\/types\/post"}],"author":[{"embeddable":true,"href":"http:\/\/conurbanodiario.com.ar\/index.php?rest_route=\/wp\/v2\/users\/1"}],"replies":[{"embeddable":true,"href":"http:\/\/conurbanodiario.com.ar\/index.php?rest_route=%2Fwp%2Fv2%2Fcomments&post=6745"}],"version-history":[{"count":1,"href":"http:\/\/conurbanodiario.com.ar\/index.php?rest_route=\/wp\/v2\/posts\/6745\/revisions"}],"predecessor-version":[{"id":6747,"href":"http:\/\/conurbanodiario.com.ar\/index.php?rest_route=\/wp\/v2\/posts\/6745\/revisions\/6747"}],"wp:featuredmedia":[{"embeddable":true,"href":"http:\/\/conurbanodiario.com.ar\/index.php?rest_route=\/wp\/v2\/media\/59656"}],"wp:attachment":[{"href":"http:\/\/conurbanodiario.com.ar\/index.php?rest_route=%2Fwp%2Fv2%2Fmedia&parent=6745"}],"wp:term":[{"taxonomy":"category","embeddable":true,"href":"http:\/\/conurbanodiario.com.ar\/index.php?rest_route=%2Fwp%2Fv2%2Fcategories&post=6745"},{"taxonomy":"post_tag","embeddable":true,"href":"http:\/\/conurbanodiario.com.ar\/index.php?rest_route=%2Fwp%2Fv2%2Ftags&post=6745"}],"curies":[{"name":"wp","href":"https:\/\/api.w.org\/{rel}","templated":true}]}}