{"id":6698,"date":"2020-07-25T03:05:00","date_gmt":"2020-07-25T06:05:00","guid":{"rendered":"http:\/\/conurbanodiario.com.ar\/?p=6698"},"modified":"2020-07-24T21:10:21","modified_gmt":"2020-07-25T00:10:21","slug":"gendarmeria-ya-inicio-operativos-en-varela","status":"publish","type":"post","link":"http:\/\/conurbanodiario.com.ar\/?p=6698","title":{"rendered":"GENDARMER\u00cdA YA INICI\u00d3 OPERATIVOS EN VARELA"},"content":{"rendered":"\n<p>En virtud de los pedidos elevados por el intendente Andr\u00e9s Watson, a favor de la seguridad de los vecinos varelenses, ayer arribaron al distrito agentes de fuerzas federales que se sumar\u00e1n al cuidado de la comunidad, en articulaci\u00f3n con los efectivos comandados desde la estaci\u00f3n de polic\u00eda de Florencio Varela.<\/p>\n\n\n\n<p>De acuerdo a un informe elevado desde la m\u00e1xima autoridad policial del distrito, esta ma\u00f1ana llegaron a Florencio Varela \u201c52 efectivos de Gendarmer\u00eda Nacional con la cantidad de ocho m\u00f3viles\u201d.<\/p>\n\n\n\n<p>Iniciaron sus tareas en la localidad de la Capilla a las 6:00 AM, con la presencia de Juan Aravena de la subsecretar\u00eda de Participaci\u00f3n Ciudadana del ministerio de Seguridad provincial, quien se puso a disposici\u00f3n del Jefe de Estaci\u00f3n de Polic\u00eda de Florencio Varela.<\/p>\n\n\n\n<p>Al respecto, el secretario de Seguridad de la Naci\u00f3n, Eduardo Villalba explic\u00f3 que los operativos conjuntos comenzaron esta ma\u00f1ana con efectivos de Prefectura Naval y Gendarmer\u00eda Nacional tambi\u00e9n en los distritos de Avellaneda, Quilmes, Matanza, Almirante Brown, Moreno, Esteban Echeverr\u00eda y Lomas de Zamora.<\/p>\n\n\n\n<p>\u00abHoy empezamos con estos ocho distritos y la semana que viene continuaremos sumando barrios a medida que el gobierno de la provincia necesite. Tenemos previsto asignar unos tres mil efectivos al operativo\u00bb, dijo el Secretario a la agencia de noticias T\u00e9lam.<\/p>\n\n\n\n<p>El funcionario adem\u00e1s indic\u00f3 que las fuerzas federales realizan una \u00abtarea complementaria\u201d con la polic\u00eda bonaerense, con quienes \u201cest\u00e1n en permanente comunicaci\u00f3n\u00bb, realizar\u00e1n \u00abplanificaciones diarias y evaluaciones semanales\u00bb y que tambi\u00e9n har\u00e1n \u00aboperativos din\u00e1micos dentro de los barrios\u00bb.<\/p>\n\n\n\n<p>Por su parte, el secretario de Gobierno municipal, Christian Rodriguez destac\u00f3 el arribo de las fuerzas nacionales y puso en relieve el accionar del intendente Watson, quien transmiti\u00f3 al gobernador Axel Kicillof las necesidades de mayor prevenci\u00f3n en el distrito.<\/p>\n\n\n\n<p>\u201cEl intendente Watson est\u00e1 gestionando para que los varelenses superemos la pandemia, lo cual no es s\u00f3lo lo concerniente a la salud sino tambi\u00e9n a atender la cuesti\u00f3n alimentaria y la seguridad. En esta \u00e1rea y en virtud de las gestiones del Intendente, en el este \u00faltimo tiempo, los varelenses recuperamos la subdelegaci\u00f3n de investigaciones de la Polic\u00eda; lleg\u00f3 el Grupo de Apoyo Motorizado (GAM); y se instalaron 18 nuevas c\u00e1maras en la v\u00eda p\u00fablica que permiten que ya tengamos 220; y el doctor Watson quiere que lleguemos a tener 300 dispositivos a fin de a\u00f1o\u201d, describi\u00f3 Rodr\u00edguez.<\/p>\n","protected":false},"excerpt":{"rendered":"<p>En virtud de los pedidos elevados por el intendente Andr\u00e9s Watson, a favor de la&#8230;<\/p>\n","protected":false},"author":1,"featured_media":59656,"comment_status":"open","ping_status":"open","sticky":false,"template":"","format":"standard","meta":{"footnotes":""},"categories":[10],"tags":[],"class_list":["post-6698","post","type-post","status-publish","format-standard","has-post-thumbnail","hentry","category-seguridad"],"_links":{"self":[{"href":"http:\/\/conurbanodiario.com.ar\/index.php?rest_route=\/wp\/v2\/posts\/6698","targetHints":{"allow":["GET"]}}],"collection":[{"href":"http:\/\/conurbanodiario.com.ar\/index.php?rest_route=\/wp\/v2\/posts"}],"about":[{"href":"http:\/\/conurbanodiario.com.ar\/index.php?rest_route=\/wp\/v2\/types\/post"}],"author":[{"embeddable":true,"href":"http:\/\/conurbanodiario.com.ar\/index.php?rest_route=\/wp\/v2\/users\/1"}],"replies":[{"embeddable":true,"href":"http:\/\/conurbanodiario.com.ar\/index.php?rest_route=%2Fwp%2Fv2%2Fcomments&post=6698"}],"version-history":[{"count":1,"href":"http:\/\/conurbanodiario.com.ar\/index.php?rest_route=\/wp\/v2\/posts\/6698\/revisions"}],"predecessor-version":[{"id":6700,"href":"http:\/\/conurbanodiario.com.ar\/index.php?rest_route=\/wp\/v2\/posts\/6698\/revisions\/6700"}],"wp:featuredmedia":[{"embeddable":true,"href":"http:\/\/conurbanodiario.com.ar\/index.php?rest_route=\/wp\/v2\/media\/59656"}],"wp:attachment":[{"href":"http:\/\/conurbanodiario.com.ar\/index.php?rest_route=%2Fwp%2Fv2%2Fmedia&parent=6698"}],"wp:term":[{"taxonomy":"category","embeddable":true,"href":"http:\/\/conurbanodiario.com.ar\/index.php?rest_route=%2Fwp%2Fv2%2Fcategories&post=6698"},{"taxonomy":"post_tag","embeddable":true,"href":"http:\/\/conurbanodiario.com.ar\/index.php?rest_route=%2Fwp%2Fv2%2Ftags&post=6698"}],"curies":[{"name":"wp","href":"https:\/\/api.w.org\/{rel}","templated":true}]}}