{"id":6566,"date":"2020-07-23T06:33:48","date_gmt":"2020-07-23T09:33:48","guid":{"rendered":"http:\/\/conurbanodiario.com.ar\/?p=6566"},"modified":"2020-07-23T06:33:48","modified_gmt":"2020-07-23T09:33:48","slug":"la-actividad-economica-bajo-206-interanual-en-mayo-y-crecio-10-respecto-a-abril","status":"publish","type":"post","link":"http:\/\/conurbanodiario.com.ar\/?p=6566","title":{"rendered":"LA ACTIVIDAD ECON\u00d3MICA BAJ\u00d3 20,6% INTERANUAL EN MAYO Y CRECI\u00d3 10% RESPECTO A ABRIL"},"content":{"rendered":"\n<p><strong>Otros rubros que presentaron importantes retrocesos fueron la construcci\u00f3n, con una fuerte ca\u00edda del 62,2 %; el comercio mayorista y minorista, c<\/strong>on una merma del 20,9% interanual; el sector hotelero y turismo, con una sensible del 74,3% respecto a igual mes de 2019.<\/p>\n\n\n\n<p>Al dar cuenta de la metodolog\u00eda empleada para confeccionar este \u00edndice, el Indec precis\u00f3 que en lo que respecta al sector hotelero, que no tuvo actividad con fines tur\u00edsticos, tal como registr\u00f3 la Encuesta de Ocupaci\u00f3n Hotelera (EOH), s\u00ed prest\u00f3 servicios con fines sanitarios por la cuarentena preventiva para morigerar el coronavirus.<\/p>\n\n\n\n<p>\u00abEn este sentido, este servicio prestado constituye una actividad secundaria del sector y, por lo tanto, se registra como actividad econ\u00f3mica en el propio sector de hoteles, de acuerdo a las recomendaciones de la comunidad<\/p>\n\n\n\n<p>estad\u00edstica internacional\u00bb, precis\u00f3 la dependencia oficial entre otras cuestiones.<\/p>\n\n\n\n<p>En lo que respecta al nivel de actividad, el ministro de Desarrollo Productivo, Mat\u00edas Kulfas, en declaraciones a la prensa formuladas la semana pasada, dijo que en mayo se vio \u00abcon claridad que ha habido una recuperaci\u00f3n importante del nivel de actividad en la mayor\u00eda de las provincias, que se evidencia con el crecimiento del nivel de actividad industrial de mayo respecto de abril\u201d.<\/p>\n\n\n\n<p>\u201cTenemos el deber hist\u00f3rico de cuidar el entramado productivo y acotar el da\u00f1o que genera la situaci\u00f3n a nivel internacional y adem\u00e1s la obligaci\u00f3n de pensar en el futuro y lo que necesitamos para la Argentina de los pr\u00f3ximos diez a\u00f1os y que vuelva a crecer, generando nuevas condiciones productivas para el desarrollo econ\u00f3mico y social\u201d, agreg\u00f3 Kulfas en esa oportunidad.<\/p>\n\n\n\n<p><strong>De cara a la pospandemia, el Ministerio de Desarrollo Productivo puso en marcha las Mesas Regionales para el Desarrollo Productivo Federal, de manera de hacer foco en la reactivaci\u00f3n de la actividad econ\u00f3mica en todo el pa\u00eds bajo cinco ejes de acci\u00f3n.<\/strong><\/p>\n\n\n\n<p>Estos ejes para la reactivaci\u00f3n productiva son los recursos naturales y sus cadenas (agroindustria, hidrocarburos, miner\u00eda); Green New Deal (renovables, electromovilidad); Econom\u00eda del conocimiento e Industria 4.0; Industrias de la salud. biofarma y cannabis medicinal y un sistema de banca de desarrollo.<\/p>\n","protected":false},"excerpt":{"rendered":"<p>Otros rubros que presentaron importantes retrocesos fueron la construcci\u00f3n, con una fuerte ca\u00edda del 62,2&#8230;<\/p>\n","protected":false},"author":1,"featured_media":59656,"comment_status":"open","ping_status":"open","sticky":false,"template":"","format":"standard","meta":{"footnotes":""},"categories":[5],"tags":[],"class_list":["post-6566","post","type-post","status-publish","format-standard","has-post-thumbnail","hentry","category-el-pais"],"_links":{"self":[{"href":"http:\/\/conurbanodiario.com.ar\/index.php?rest_route=\/wp\/v2\/posts\/6566","targetHints":{"allow":["GET"]}}],"collection":[{"href":"http:\/\/conurbanodiario.com.ar\/index.php?rest_route=\/wp\/v2\/posts"}],"about":[{"href":"http:\/\/conurbanodiario.com.ar\/index.php?rest_route=\/wp\/v2\/types\/post"}],"author":[{"embeddable":true,"href":"http:\/\/conurbanodiario.com.ar\/index.php?rest_route=\/wp\/v2\/users\/1"}],"replies":[{"embeddable":true,"href":"http:\/\/conurbanodiario.com.ar\/index.php?rest_route=%2Fwp%2Fv2%2Fcomments&post=6566"}],"version-history":[{"count":1,"href":"http:\/\/conurbanodiario.com.ar\/index.php?rest_route=\/wp\/v2\/posts\/6566\/revisions"}],"predecessor-version":[{"id":6567,"href":"http:\/\/conurbanodiario.com.ar\/index.php?rest_route=\/wp\/v2\/posts\/6566\/revisions\/6567"}],"wp:featuredmedia":[{"embeddable":true,"href":"http:\/\/conurbanodiario.com.ar\/index.php?rest_route=\/wp\/v2\/media\/59656"}],"wp:attachment":[{"href":"http:\/\/conurbanodiario.com.ar\/index.php?rest_route=%2Fwp%2Fv2%2Fmedia&parent=6566"}],"wp:term":[{"taxonomy":"category","embeddable":true,"href":"http:\/\/conurbanodiario.com.ar\/index.php?rest_route=%2Fwp%2Fv2%2Fcategories&post=6566"},{"taxonomy":"post_tag","embeddable":true,"href":"http:\/\/conurbanodiario.com.ar\/index.php?rest_route=%2Fwp%2Fv2%2Ftags&post=6566"}],"curies":[{"name":"wp","href":"https:\/\/api.w.org\/{rel}","templated":true}]}}