{"id":6563,"date":"2020-07-23T06:29:17","date_gmt":"2020-07-23T09:29:17","guid":{"rendered":"http:\/\/conurbanodiario.com.ar\/?p=6563"},"modified":"2020-07-23T06:29:18","modified_gmt":"2020-07-23T09:29:18","slug":"el-lateral-de-independiente-fabricio-bustos-en-la-mira-de-betis-y-de-flamengo","status":"publish","type":"post","link":"http:\/\/conurbanodiario.com.ar\/?p=6563","title":{"rendered":"EL LATERAL DE INDEPENDIENTE FABRICIO BUSTOS EN LA MIRA DE BETIS Y DE FLAMENGO"},"content":{"rendered":"\n<p>El lateral derecho de Independiente, Fabricio Bustos est\u00e1 en la mira del Real Betis, de Espa\u00f1a, y Flamengo, de Brasil, clubes que aunque a\u00fan no presentaron una oferta formal, deber\u00e1n abonar cinco millones de d\u00f3lares libres para la entidad de Avellenada.<\/p>\n\n\n\n<p>El t\u00e9cnico chileno Manuel Pellegrini lo solicit\u00f3 para rearmar la defensa del equipo espa\u00f1ol ante la salida de Antonio Barrag\u00e1n, al finalizar su contrato, y de Emerson, que ser\u00eda transferido por Barcelona, del que le pertenece el 51 por ciento de la ficha.<\/p>\n\n\n\n<p>Por eso el club de LaLiga, seg\u00fan medios de la ciudad de Sevilla, inici\u00f3 sondeos para entablar una negociaci\u00f3n, aunque \u00aba Independiente no lleg\u00f3 ninguna oferta por Bustos, como tampoco del Flamengo, que hace tiempo que lo viene siguiendo\u00bb, indic\u00f3 una fuente cercana a la c\u00fapula del &#8216;Diablo&#8217; ante la consulta de T\u00e9lam.<\/p>\n\n\n\n<p>Bustos, de 24 a\u00f1os, y el zaguero Alan Franco (23), son los dos jugadores que, desde hace varios meses, estimaron en la instituci\u00f3n de Avellaneda que deber\u00edan ser transferidos para que ingrese una importante cantidad de d\u00f3lares para hacer frente al c\u00famulo de deudas que soporta.<\/p>\n\n\n\n<p>\u00abEl que lo pretenda al &#8216;Tractor&#8217; deber\u00e1 abonar como m\u00ednimo cinco millones de d\u00f3lares libres de todo gasto, es lo que fij\u00f3 la Comisi\u00f3n Directiva, pese a tener una clausula de salida por 20 millones\u00bb, anunci\u00f3 el mismo vocero.<\/p>\n\n\n\n<p>En tanto, se especula que los &#8216;Rojos&#8217; podr\u00edan entrar en negociaciones con Boca Juniors debido a que desde la dirigencia &#8216;xeneize&#8217; hubo sondeos con el representante del centro delantero Silvio Romero (32) para conocer su situaci\u00f3n y la posible salida, adem\u00e1s que al entrenador Miguel Russo le interesa contar con Juan S\u00e1nchez Mi\u00f1o (30) como volante interno.<\/p>\n\n\n\n<p>De avanzar estas posibles negociaciones \u00abpodr\u00eda entrar en juego el delantero Gonzalo Maroni (21), que cuenta con contrato vigente con Boca hasta el 30 de junio de 2022 y debe regresar de Sampdoria al terminar el campeonato en Italia\u00bb, se\u00f1al\u00f3 la fuente de Independiente.<\/p>\n\n\n\n<p>Por \u00faltimo, cuando a\u00fan el &#8216;Diablo&#8217; no recibi\u00f3 ninguna oferta por el delantero paraguayo Cecilio Dom\u00ednguez ni est\u00e1 clara la definici\u00f3n de su situaci\u00f3n, al considerarse libre el ex jugador de Am\u00e9rica, de M\u00e9xico, \u00e9ste desde Asunci\u00f3n (Paraguay), donde cumple con la cuarentena, en las \u00faltimas horas se despidi\u00f3 de sus compa\u00f1eros a trav\u00e9s de un mensaje en el grupo de Whatsapp del plantel &#8216;rojo&#8217;.<\/p>\n","protected":false},"excerpt":{"rendered":"<p>El lateral derecho de Independiente, Fabricio Bustos est\u00e1 en la mira del Real Betis, de&#8230;<\/p>\n","protected":false},"author":1,"featured_media":59656,"comment_status":"open","ping_status":"open","sticky":false,"template":"","format":"standard","meta":{"footnotes":""},"categories":[32],"tags":[],"class_list":["post-6563","post","type-post","status-publish","format-standard","has-post-thumbnail","hentry","category-deportes"],"_links":{"self":[{"href":"http:\/\/conurbanodiario.com.ar\/index.php?rest_route=\/wp\/v2\/posts\/6563","targetHints":{"allow":["GET"]}}],"collection":[{"href":"http:\/\/conurbanodiario.com.ar\/index.php?rest_route=\/wp\/v2\/posts"}],"about":[{"href":"http:\/\/conurbanodiario.com.ar\/index.php?rest_route=\/wp\/v2\/types\/post"}],"author":[{"embeddable":true,"href":"http:\/\/conurbanodiario.com.ar\/index.php?rest_route=\/wp\/v2\/users\/1"}],"replies":[{"embeddable":true,"href":"http:\/\/conurbanodiario.com.ar\/index.php?rest_route=%2Fwp%2Fv2%2Fcomments&post=6563"}],"version-history":[{"count":1,"href":"http:\/\/conurbanodiario.com.ar\/index.php?rest_route=\/wp\/v2\/posts\/6563\/revisions"}],"predecessor-version":[{"id":6565,"href":"http:\/\/conurbanodiario.com.ar\/index.php?rest_route=\/wp\/v2\/posts\/6563\/revisions\/6565"}],"wp:featuredmedia":[{"embeddable":true,"href":"http:\/\/conurbanodiario.com.ar\/index.php?rest_route=\/wp\/v2\/media\/59656"}],"wp:attachment":[{"href":"http:\/\/conurbanodiario.com.ar\/index.php?rest_route=%2Fwp%2Fv2%2Fmedia&parent=6563"}],"wp:term":[{"taxonomy":"category","embeddable":true,"href":"http:\/\/conurbanodiario.com.ar\/index.php?rest_route=%2Fwp%2Fv2%2Fcategories&post=6563"},{"taxonomy":"post_tag","embeddable":true,"href":"http:\/\/conurbanodiario.com.ar\/index.php?rest_route=%2Fwp%2Fv2%2Ftags&post=6563"}],"curies":[{"name":"wp","href":"https:\/\/api.w.org\/{rel}","templated":true}]}}