{"id":6533,"date":"2020-07-23T03:05:00","date_gmt":"2020-07-23T06:05:00","guid":{"rendered":"http:\/\/conurbanodiario.com.ar\/?p=6533"},"modified":"2020-07-22T21:53:46","modified_gmt":"2020-07-23T00:53:46","slug":"a-la-hora-de-gatillarle-no-le-temblo-el-pulso-dijeron-familiares-del-ladron-asesinado-en-quilmes","status":"publish","type":"post","link":"http:\/\/conurbanodiario.com.ar\/?p=6533","title":{"rendered":"\u00abA LA HORA DE GATILLARLE NO LE TEMBL\u00d3 EL PULSO\u00bb, DIJERON FAMILIARES DEL LADR\u00d3N ASESINADO EN QUILMES"},"content":{"rendered":"\n<p>Familiares del delincuente asesinado por el jubilado de 71 a\u00f1os en el partido bonaerense de Quilmes aseguraron anoche que al herrero \u201ca la hora de gatillarle no le tembl\u00f3 el pulso\u201d, y si bien no justificaron el robo cometido por el joven porque \u201ceso est\u00e1 mal\u201d, dijeron que se \u201cconfundi\u00f3\u201d porque \u201cnecesitaba una contenci\u00f3n\u201d y \u201cuna ayuda que no la tuvo\u201d.<\/p>\n\n\n\n<p>Mat\u00edas, cu\u00f1ado de Franco Mart\u00edn Moreyra, dijo al canal Telef\u00e9 que no van a \u201caclarar el hecho que hizo \u00e9l\u201d, porque les parece que \u201ceso est\u00e1 mal\u201d, pero que s\u00ed van a pedir \u201cpor lo que hizo el hombre (Jorge R\u00edos)\u201d, porque \u201c\u00e9l no puede matar a una persona\u201d.<\/p>\n\n\n\n<p>\u201cDec\u00edan que ten\u00eda una enfermedad. A la hora de gatillarle (a Moreyra) no le tembl\u00f3 el pulso. No es una persona enferma, lo mostraron con un bast\u00f3n, y \u00e9l sale caminando. Si ves que la persona ya est\u00e1 herida, \u00bfNo podr\u00eda haber llamado al patrullero y que se encargue?\u201d, manifest\u00f3 el cu\u00f1ado del delincuente muerto y agreg\u00f3 que \u201csi ten\u00eda que ir preso lo iba a hacer\u201d.<\/p>\n\n\n\n<p>El joven adem\u00e1s se\u00f1al\u00f3 que su cu\u00f1ado \u201cse confundi\u00f3, \u00e9l no ten\u00eda una contenci\u00f3n. Necesitaba una contenci\u00f3n, una ayuda que no la tuvo\u201d, y en cuanto al jubilado, explic\u00f3 que no cree que \u201cse sienta amenazado\u201d, ya que piensa que \u201ccay\u00f3 en la realidad de que mat\u00f3 a un joven de 26 a\u00f1os. \u00c9l piensa que porque tiene 71 puede acabar con la vida de una persona\u201d.<\/p>\n\n\n\n<p>Por su parte, Alan, sobrino de Moreyra, asegur\u00f3 que su \u201ct\u00edo no era ning\u00fan barrabrava, era una persona que se la rebuscaba, que tiene un hijo de ocho a\u00f1os\u201d.<\/p>\n\n\n\n<p>\u201cQueremos transmitir el dolor de este lado, ya que hablaron muchas cosas en los medios, que somos familia de delincuentes, familia de barrabravas, y nosotros somos personas humildes\u201d, dijo Alan y si bien dijo que \u201cno justifica\u201d lo que su \u201ct\u00edo haya hecho\u201d, pidi\u00f3 \u201cque se haga justicia, como tiene que ser.\u201d<\/p>\n","protected":false},"excerpt":{"rendered":"<p>Familiares del delincuente asesinado por el jubilado de 71 a\u00f1os en el partido bonaerense de&#8230;<\/p>\n","protected":false},"author":1,"featured_media":59656,"comment_status":"open","ping_status":"open","sticky":false,"template":"","format":"standard","meta":{"footnotes":""},"categories":[10],"tags":[],"class_list":["post-6533","post","type-post","status-publish","format-standard","has-post-thumbnail","hentry","category-seguridad"],"_links":{"self":[{"href":"http:\/\/conurbanodiario.com.ar\/index.php?rest_route=\/wp\/v2\/posts\/6533","targetHints":{"allow":["GET"]}}],"collection":[{"href":"http:\/\/conurbanodiario.com.ar\/index.php?rest_route=\/wp\/v2\/posts"}],"about":[{"href":"http:\/\/conurbanodiario.com.ar\/index.php?rest_route=\/wp\/v2\/types\/post"}],"author":[{"embeddable":true,"href":"http:\/\/conurbanodiario.com.ar\/index.php?rest_route=\/wp\/v2\/users\/1"}],"replies":[{"embeddable":true,"href":"http:\/\/conurbanodiario.com.ar\/index.php?rest_route=%2Fwp%2Fv2%2Fcomments&post=6533"}],"version-history":[{"count":1,"href":"http:\/\/conurbanodiario.com.ar\/index.php?rest_route=\/wp\/v2\/posts\/6533\/revisions"}],"predecessor-version":[{"id":6537,"href":"http:\/\/conurbanodiario.com.ar\/index.php?rest_route=\/wp\/v2\/posts\/6533\/revisions\/6537"}],"wp:featuredmedia":[{"embeddable":true,"href":"http:\/\/conurbanodiario.com.ar\/index.php?rest_route=\/wp\/v2\/media\/59656"}],"wp:attachment":[{"href":"http:\/\/conurbanodiario.com.ar\/index.php?rest_route=%2Fwp%2Fv2%2Fmedia&parent=6533"}],"wp:term":[{"taxonomy":"category","embeddable":true,"href":"http:\/\/conurbanodiario.com.ar\/index.php?rest_route=%2Fwp%2Fv2%2Fcategories&post=6533"},{"taxonomy":"post_tag","embeddable":true,"href":"http:\/\/conurbanodiario.com.ar\/index.php?rest_route=%2Fwp%2Fv2%2Ftags&post=6533"}],"curies":[{"name":"wp","href":"https:\/\/api.w.org\/{rel}","templated":true}]}}