{"id":6526,"date":"2020-07-23T05:05:00","date_gmt":"2020-07-23T08:05:00","guid":{"rendered":"http:\/\/conurbanodiario.com.ar\/?p=6526"},"modified":"2020-07-22T18:42:13","modified_gmt":"2020-07-22T21:42:13","slug":"en-homenaje-a-oesterheld-una-radio-comunitaria-lanza-audiovisuales-sobre-su-obra","status":"publish","type":"post","link":"http:\/\/conurbanodiario.com.ar\/?p=6526","title":{"rendered":"EN HOMENAJE A OESTERHELD, UNA RADIO COMUNITARIA LANZA AUDIOVISUALES SOBRE SU OBRA"},"content":{"rendered":"\n<p>Una radio comunitaria de la ciudad de La Plata difundir\u00e1 este jueves, al cumplirse 101 a\u00f1os del nacimiento de H\u00e9ctor Germ\u00e1n Oesterheld, dos audiovisuales que analizan la obra del escritor y guionista, y revelan la persecuci\u00f3n que sufrieron los escritores durante la \u00faltima dictadura militar.<\/p>\n\n\n\n<p>Se trata de Radio Futura, radio comunitaria fundada en 1987, que hoy a las 19, con motivo de la fecha de nacimiento de Oesterheld, emitir\u00e1 en su canal de YouTube dos audiovisuales elaborados por su productora Los Otros Mundos, los que podr\u00e1n visualizarse en el link https:\/\/url2.cl\/G3PSq.<\/p>\n\n\n\n<p>Martina Dominella, integrante de Radio Futura y Los otros Mundos, explic\u00f3 a T\u00e9lam que \u00abla radio siempre ha tenido un compromiso con los derechos humanos y con los reclamos de memoria, verdad y justicia y esta producci\u00f3n audiovisual se integra en esa misma l\u00ednea\u00bb.<\/p>\n\n\n\n<p>\u00abElegimos el 23 de julio, d\u00eda en que H\u00e9ctor Germ\u00e1n Oesterheld cumplir\u00eda 101 a\u00f1os, para estrenar un audiovisual en el que Alicia Beltrami, periodista y coautora junto a Fernanda Nicolini del libro &#8216;Los Oesterheld&#8217;, nos acerca la historia de esta familia y otro audiovisual donde Magdalena Lanteri directora del programa de gesti\u00f3n y preservaci\u00f3n de archivos de la Comisi\u00f3n Provincial por la Memoria nos cuenta c\u00f3mo los servicios de inteligencia hicieron an\u00e1lisis sobre obras literarias en dictaduras\u00bb, detall\u00f3.<\/p>\n\n\n\n<p>\u00abNos interes\u00f3 conocer en profundidad c\u00f3mo se accion\u00f3 la censura a los libros en las distintas dictaduras como una manera de seguir conociendo nuestro pasado reciente para pensar nuestro presente\u00bb, sostuvo Dominella y remarc\u00f3 que \u00abas\u00ed como hubo un plan sistem\u00e1tico de personas hubo un plan sistem\u00e1tico de censura, de control de s\u00edmbolos y producciones culturales\u00bb.<\/p>\n","protected":false},"excerpt":{"rendered":"<p>Una radio comunitaria de la ciudad de La Plata difundir\u00e1 este jueves, al cumplirse 101&#8230;<\/p>\n","protected":false},"author":1,"featured_media":59656,"comment_status":"open","ping_status":"open","sticky":false,"template":"","format":"standard","meta":{"footnotes":""},"categories":[8],"tags":[],"class_list":["post-6526","post","type-post","status-publish","format-standard","has-post-thumbnail","hentry","category-cultura"],"_links":{"self":[{"href":"http:\/\/conurbanodiario.com.ar\/index.php?rest_route=\/wp\/v2\/posts\/6526","targetHints":{"allow":["GET"]}}],"collection":[{"href":"http:\/\/conurbanodiario.com.ar\/index.php?rest_route=\/wp\/v2\/posts"}],"about":[{"href":"http:\/\/conurbanodiario.com.ar\/index.php?rest_route=\/wp\/v2\/types\/post"}],"author":[{"embeddable":true,"href":"http:\/\/conurbanodiario.com.ar\/index.php?rest_route=\/wp\/v2\/users\/1"}],"replies":[{"embeddable":true,"href":"http:\/\/conurbanodiario.com.ar\/index.php?rest_route=%2Fwp%2Fv2%2Fcomments&post=6526"}],"version-history":[{"count":1,"href":"http:\/\/conurbanodiario.com.ar\/index.php?rest_route=\/wp\/v2\/posts\/6526\/revisions"}],"predecessor-version":[{"id":6528,"href":"http:\/\/conurbanodiario.com.ar\/index.php?rest_route=\/wp\/v2\/posts\/6526\/revisions\/6528"}],"wp:featuredmedia":[{"embeddable":true,"href":"http:\/\/conurbanodiario.com.ar\/index.php?rest_route=\/wp\/v2\/media\/59656"}],"wp:attachment":[{"href":"http:\/\/conurbanodiario.com.ar\/index.php?rest_route=%2Fwp%2Fv2%2Fmedia&parent=6526"}],"wp:term":[{"taxonomy":"category","embeddable":true,"href":"http:\/\/conurbanodiario.com.ar\/index.php?rest_route=%2Fwp%2Fv2%2Fcategories&post=6526"},{"taxonomy":"post_tag","embeddable":true,"href":"http:\/\/conurbanodiario.com.ar\/index.php?rest_route=%2Fwp%2Fv2%2Ftags&post=6526"}],"curies":[{"name":"wp","href":"https:\/\/api.w.org\/{rel}","templated":true}]}}